{"id":8139,"date":"2024-08-16T15:22:21","date_gmt":"2024-08-16T15:22:21","guid":{"rendered":"https:\/\/www.aquaporservicos.pt\/aguas-do-planalto-nas-festas-de-santa-comba-dao\/"},"modified":"2025-01-14T10:49:23","modified_gmt":"2025-01-14T10:49:23","slug":"aguas-do-planalto-nas-festas-de-santa-comba-dao","status":"publish","type":"post","link":"https:\/\/www.aquaporservicos.pt\/en\/aguas-do-planalto-nas-festas-de-santa-comba-dao\/","title":{"rendered":"\u00c1guas do Planalto at the Santa Comba D\u00e3o Festivities"},"content":{"rendered":"<p>From August 14 to 18, \u00c1guas do Planalto will be at Comba Expo 2024, an exhibition dedicated to the economic and social activities of the Santa Comba D\u00e3o Festivities.<\/p>\n<p>The tradition of the \u201ctasquinhas\u201d will also be an attraction, where tables are filled with typical dishes and lively conversations, providing moments of conviviality and sharing.<\/p>\n<p>During the event, \u00c1guas do Planalto will provide relevant institutional information, reinforcing its commitment to the community and transparency in the management of water resources.<\/p>\n<div><\/div>\n<div><\/div>\n<div><\/div>\n<div><img decoding=\"async\" class=\"alignnone wp-image-6872 size-full\" src=\"https:\/\/www.aquaporservicos.pt\/cms\/wp-content\/uploads\/2024\/08\/Imagem-WhatsApp-2024-08-14-as-17.47.20_c5350934-e1723821670795.jpg\" alt=\"\" width=\"693\" height=\"749\" srcset=\"https:\/\/www.aquaporservicos.pt\/cms\/wp-content\/uploads\/2024\/08\/Imagem-WhatsApp-2024-08-14-as-17.47.20_c5350934-e1723821670795.jpg 693w, https:\/\/www.aquaporservicos.pt\/cms\/wp-content\/uploads\/2024\/08\/Imagem-WhatsApp-2024-08-14-as-17.47.20_c5350934-e1723821670795-278x300.jpg 278w\" sizes=\"(max-width: 693px) 100vw, 693px\" \/> <img decoding=\"async\" class=\"alignnone wp-image-6874 size-full\" src=\"https:\/\/www.aquaporservicos.pt\/cms\/wp-content\/uploads\/2024\/08\/Imagem-WhatsApp-2024-08-14-as-15.58.56_ab287a0e-e1723821697634.jpg\" alt=\"\" width=\"789\" height=\"837\" srcset=\"https:\/\/www.aquaporservicos.pt\/cms\/wp-content\/uploads\/2024\/08\/Imagem-WhatsApp-2024-08-14-as-15.58.56_ab287a0e-e1723821697634.jpg 789w, https:\/\/www.aquaporservicos.pt\/cms\/wp-content\/uploads\/2024\/08\/Imagem-WhatsApp-2024-08-14-as-15.58.56_ab287a0e-e1723821697634-283x300.jpg 283w, https:\/\/www.aquaporservicos.pt\/cms\/wp-content\/uploads\/2024\/08\/Imagem-WhatsApp-2024-08-14-as-15.58.56_ab287a0e-e1723821697634-768x815.jpg 768w\" sizes=\"(max-width: 789px) 100vw, 789px\" \/> <img decoding=\"async\" class=\"alignnone wp-image-6876 size-full\" src=\"https:\/\/www.aquaporservicos.pt\/cms\/wp-content\/uploads\/2024\/08\/Imagem-WhatsApp-2024-08-14-as-17.47.20_32e1e38c-e1723821724556.jpg\" alt=\"\" width=\"933\" height=\"1163\" srcset=\"https:\/\/www.aquaporservicos.pt\/cms\/wp-content\/uploads\/2024\/08\/Imagem-WhatsApp-2024-08-14-as-17.47.20_32e1e38c-e1723821724556.jpg 933w, https:\/\/www.aquaporservicos.pt\/cms\/wp-content\/uploads\/2024\/08\/Imagem-WhatsApp-2024-08-14-as-17.47.20_32e1e38c-e1723821724556-241x300.jpg 241w, https:\/\/www.aquaporservicos.pt\/cms\/wp-content\/uploads\/2024\/08\/Imagem-WhatsApp-2024-08-14-as-17.47.20_32e1e38c-e1723821724556-821x1024.jpg 821w, https:\/\/www.aquaporservicos.pt\/cms\/wp-content\/uploads\/2024\/08\/Imagem-WhatsApp-2024-08-14-as-17.47.20_32e1e38c-e1723821724556-768x957.jpg 768w\" sizes=\"(max-width: 933px) 100vw, 933px\" \/><\/div>\n","protected":false},"excerpt":{"rendered":"<p>From August 14 to 18, \u00c1guas do Planalto will be at Comba Expo 2024, an exhibition dedicated to the economic and social activities of the Santa Comba D\u00e3o Festivities. The tradition of the \u201ctasquinhas\u201d will also be an attraction, where tables are filled with typical dishes and lively conversations, providing moments of conviviality and sharing. [&hellip;]<\/p>\n","protected":false},"author":8,"featured_media":0,"comment_status":"closed","ping_status":"open","sticky":false,"template":"","format":"standard","meta":{"_acf_changed":false,"footnotes":""},"categories":[175,185,181],"tags":[],"concessao":[50],"concessao-artico":[],"class_list":["post-8139","post","type-post","status-publish","format-standard","hentry","category-aquapor-en","category-awareness-campaign","category-events","concessao-adplanalto-en"],"acf":[],"_links":{"self":[{"href":"https:\/\/www.aquaporservicos.pt\/en\/wp-json\/wp\/v2\/posts\/8139","targetHints":{"allow":["GET"]}}],"collection":[{"href":"https:\/\/www.aquaporservicos.pt\/en\/wp-json\/wp\/v2\/posts"}],"about":[{"href":"https:\/\/www.aquaporservicos.pt\/en\/wp-json\/wp\/v2\/types\/post"}],"author":[{"embeddable":true,"href":"https:\/\/www.aquaporservicos.pt\/en\/wp-json\/wp\/v2\/users\/8"}],"replies":[{"embeddable":true,"href":"https:\/\/www.aquaporservicos.pt\/en\/wp-json\/wp\/v2\/comments?post=8139"}],"version-history":[{"count":1,"href":"https:\/\/www.aquaporservicos.pt\/en\/wp-json\/wp\/v2\/posts\/8139\/revisions"}],"predecessor-version":[{"id":8140,"href":"https:\/\/www.aquaporservicos.pt\/en\/wp-json\/wp\/v2\/posts\/8139\/revisions\/8140"}],"wp:attachment":[{"href":"https:\/\/www.aquaporservicos.pt\/en\/wp-json\/wp\/v2\/media?parent=8139"}],"wp:term":[{"taxonomy":"category","embeddable":true,"href":"https:\/\/www.aquaporservicos.pt\/en\/wp-json\/wp\/v2\/categories?post=8139"},{"taxonomy":"post_tag","embeddable":true,"href":"https:\/\/www.aquaporservicos.pt\/en\/wp-json\/wp\/v2\/tags?post=8139"},{"taxonomy":"concessao","embeddable":true,"href":"https:\/\/www.aquaporservicos.pt\/en\/wp-json\/wp\/v2\/concessao?post=8139"},{"taxonomy":"concessao-artico","embeddable":true,"href":"https:\/\/www.aquaporservicos.pt\/en\/wp-json\/wp\/v2\/concessao-artico?post=8139"}],"curies":[{"name":"wp","href":"https:\/\/api.w.org\/{rel}","templated":true}]}}