{"id":8296,"date":"2022-04-06T19:41:15","date_gmt":"2022-04-06T19:41:15","guid":{"rendered":"https:\/\/www.aquaporservicos.pt\/capacidade-da-barragem-do-paul-vai-ser-aumentada\/"},"modified":"2025-01-14T12:42:47","modified_gmt":"2025-01-14T12:42:47","slug":"capacidade-da-barragem-do-paul-vai-ser-aumentada","status":"publish","type":"post","link":"https:\/\/www.aquaporservicos.pt\/en\/capacidade-da-barragem-do-paul-vai-ser-aumentada\/","title":{"rendered":"Pa\u00fal Dam capacity to be increased"},"content":{"rendered":"<h3>MUNICIPALITIES OF PLANALTO BEIR\u00c3O AND \u00c1GUAS DO PLANALTO WILL INCREASE THE CAPACITY OF THE PA\u00daL DAM<br \/>\nThe project aims to increase the infrastructure&#8217;s total capacity by another 300,000 cubic meters, the equivalent of a month&#8217;s consumption in the summer months.<\/h3>\n<h4>The Association of Municipalities of the Planalto Beir\u00e3o Region (AMRPB) and \u00c1guas do Planalto have reached an agreement to increase the capacity of the Pa\u00fal Dam by the equivalent of one month&#8217;s consumption in the summer. The decision was taken at a meeting held today in Tondela, attended by representatives of AMPB and \u00c1guas do Planalto, as well as the five mayors of the municipalities supplied by the company: Carregal do Sal, Mort\u00e1gua, Santa Comba D\u00e3o, T\u00e1bua and Tondela.<\/h4>\n<p>Increasing the capacity of the Pa\u00fal Dam is a long-standing desire of AMRPB and \u00c1guas do Planalto, as it will increase the resilience of the water supply system for the five municipalities that are part of the concession. A security for the more than 68,000 users served by \u00c1guas do Planalto, at a time when climate change is causing more and more problems with water supplies around the world. It should be remembered that, according to the IPMA &#8211; Portuguese Institute for the Sea and Atmosphere, more than 66% of the country was in severe drought last February.<\/p>\n<p>The decision now taken will lead to an increase of 300,000 cubic meters in the capacity of the Pa\u00fal Dam (around 12.5%) by increasing the water containment infrastructure by approximately one meter. AMRPB will probably submit the works project to the competent authorities in the first half of this year.<\/p>\n<p>For Leonel Gouveia, President of the Planalto Beir\u00e3o Municipalities Association and Santa Comba D\u00e3o City Council, \u201cthis structuring work is a huge asset, not only for the population of the five municipalities served by \u00c1guas do Planalto, but for the entire central region of the country\u201d. \u201cBy increasing the capacity of the Pa\u00fal Dam reservoir, we can guarantee a more secure water supply for our populations,\u201d he added. Leonel Gouveia also stressed that this joint project between AMPB, \u00c1guas do Planalto and the five municipalities is \u201cproof of the unity and collective effort that these entities make on behalf of the populations they serve\u201d.<\/p>\n<p>\u201cWe&#8217;ve been working together with AMRPB and these five municipalities for 25 years, always with the aim of improving the service we provide. This increase in the capacity of the Pa\u00fal Dam is a project that we have been thinking about for a long time, and which will make it possible to ensure that the quality of the service is maintained even in periods when there is a greater shortage of water,\u201d guarantees Paulo Oliveira, president of \u00c1guas do Planalto.<\/p>\n<p>Since 1997, \u00c1guas do Planalto, the concession managed by Aquapor, has been responsible for the operation and management of municipal water supply and distribution services in the municipalities of Carregal do Sal, Mort\u00e1gua, Santa Comba D\u00e3o, T\u00e1bua and Tondela, and has always been distinguished by ERSAR &#8211; the Water and Waste Services Regulatory Authority &#8211; for the quality of its drinking water with the Exemplary Quality Seal for Water for Human Consumption.<\/p>\n","protected":false},"excerpt":{"rendered":"<p>MUNICIPALITIES OF PLANALTO BEIR\u00c3O AND \u00c1GUAS DO PLANALTO WILL INCREASE THE CAPACITY OF THE PA\u00daL DAM The project aims to increase the infrastructure&#8217;s total capacity by another 300,000 cubic meters, the equivalent of a month&#8217;s consumption in the summer months. The Association of Municipalities of the Planalto Beir\u00e3o Region (AMRPB) and \u00c1guas do Planalto have [&hellip;]<\/p>\n","protected":false},"author":1,"featured_media":1774,"comment_status":"closed","ping_status":"open","sticky":false,"template":"","format":"standard","meta":{"_acf_changed":false,"footnotes":""},"categories":[47],"tags":[],"concessao":[50],"concessao-artico":[],"class_list":["post-8296","post","type-post","status-publish","format-standard","has-post-thumbnail","hentry","category-water","concessao-adplanalto-en"],"acf":[],"_links":{"self":[{"href":"https:\/\/www.aquaporservicos.pt\/en\/wp-json\/wp\/v2\/posts\/8296","targetHints":{"allow":["GET"]}}],"collection":[{"href":"https:\/\/www.aquaporservicos.pt\/en\/wp-json\/wp\/v2\/posts"}],"about":[{"href":"https:\/\/www.aquaporservicos.pt\/en\/wp-json\/wp\/v2\/types\/post"}],"author":[{"embeddable":true,"href":"https:\/\/www.aquaporservicos.pt\/en\/wp-json\/wp\/v2\/users\/1"}],"replies":[{"embeddable":true,"href":"https:\/\/www.aquaporservicos.pt\/en\/wp-json\/wp\/v2\/comments?post=8296"}],"version-history":[{"count":2,"href":"https:\/\/www.aquaporservicos.pt\/en\/wp-json\/wp\/v2\/posts\/8296\/revisions"}],"predecessor-version":[{"id":8298,"href":"https:\/\/www.aquaporservicos.pt\/en\/wp-json\/wp\/v2\/posts\/8296\/revisions\/8298"}],"wp:featuredmedia":[{"embeddable":true,"href":"https:\/\/www.aquaporservicos.pt\/en\/wp-json\/wp\/v2\/media\/1774"}],"wp:attachment":[{"href":"https:\/\/www.aquaporservicos.pt\/en\/wp-json\/wp\/v2\/media?parent=8296"}],"wp:term":[{"taxonomy":"category","embeddable":true,"href":"https:\/\/www.aquaporservicos.pt\/en\/wp-json\/wp\/v2\/categories?post=8296"},{"taxonomy":"post_tag","embeddable":true,"href":"https:\/\/www.aquaporservicos.pt\/en\/wp-json\/wp\/v2\/tags?post=8296"},{"taxonomy":"concessao","embeddable":true,"href":"https:\/\/www.aquaporservicos.pt\/en\/wp-json\/wp\/v2\/concessao?post=8296"},{"taxonomy":"concessao-artico","embeddable":true,"href":"https:\/\/www.aquaporservicos.pt\/en\/wp-json\/wp\/v2\/concessao-artico?post=8296"}],"curies":[{"name":"wp","href":"https:\/\/api.w.org\/{rel}","templated":true}]}}